{"id":568,"date":"2021-05-05T09:43:27","date_gmt":"2021-05-05T07:43:27","guid":{"rendered":"https:\/\/admsu.org\/?p=568"},"modified":"2024-11-12T13:07:53","modified_gmt":"2024-11-12T12:07:53","slug":"sedation-analgesie-procedurale","status":"publish","type":"post","link":"https:\/\/admsu.org\/w\/sedation-analgesie-procedurale\/","title":{"rendered":"S\u00e9dation analg\u00e9sie proc\u00e9durale"},"content":{"rendered":"\n<p>pr\u00e9paration \u00e0 la session d\u2019apprentissage par simulation pour les IDE<br><strong>prochaine session<\/strong> : 21 janvier 2025 \/ 24 avril 2025 \u00e0 <a href=\"https:\/\/www.all-sims.fr\/wp-content\/uploads\/2021\/10\/for-126-sedation-analgesie-procedurale-fiche-pedagogique-2024-2025.pdf\" target=\"_blank\" rel=\"noreferrer noopener\">All Sims<\/a><br>les sessions sont multiprofessionnelles (IDE, Aide-soignant, m\u00e9decin)<\/p>\n\n\n\n<div class=\"wp-block-media-text alignwide is-stacked-on-mobile\"><figure class=\"wp-block-media-text__media\"><video controls src=\"https:\/\/admsu.org\/w\/wp-content\/uploads\/2021\/05\/sapIDE01_720-1.mp4\"><\/video><\/figure><div class=\"wp-block-media-text__content\">\n<p class=\"has-large-font-size\">premi\u00e8re partie<\/p>\n<\/div><\/div>\n\n\n\n<div class=\"wp-block-media-text alignwide is-stacked-on-mobile\"><figure class=\"wp-block-media-text__media\"><video controls src=\"https:\/\/admsu.org\/w\/wp-content\/uploads\/2021\/05\/sapIDE02_720-2.mp4\"><\/video><\/figure><div class=\"wp-block-media-text__content\">\n<p class=\"has-large-font-size\">seconde partie<\/p>\n<\/div><\/div>\n\n\n\n<figure class=\"wp-block-image size-large is-resized is-style-rounded\"><img loading=\"lazy\" decoding=\"async\" width=\"444\" height=\"158\" src=\"https:\/\/admsu.org\/w\/wp-content\/uploads\/2021\/05\/Mensuel_court.jpg\" alt=\"\" class=\"wp-image-577\" style=\"width:222px;height:79px\" srcset=\"https:\/\/admsu.org\/w\/wp-content\/uploads\/2021\/05\/Mensuel_court.jpg 444w, https:\/\/admsu.org\/w\/wp-content\/uploads\/2021\/05\/Mensuel_court-300x107.jpg 300w\" sizes=\"auto, (max-width: 444px) 100vw, 444px\" \/><figcaption class=\"wp-element-caption\">T<a href=\"https:\/\/www.sfmu.org\/fr\/bus\/media\/med_id\/5457\">r\u00e8s bonne synth\u00e8se par Fabien Lemoel (CHU Nice) Avril 2021 <\/a><\/figcaption><\/figure>\n\n\n\n<p>l<\/p>\n","protected":false},"excerpt":{"rendered":"<p>pr\u00e9paration \u00e0 la session d\u2019apprentissage par simulation pour les IDEprochaine session : 21 janvier 2025 \/ 24 avril 2025 \u00e0 All Simsles sessions sont multiprofessionnelles (IDE, Aide-soignant, m\u00e9decin) premi\u00e8re partie seconde partie l<\/p>\n","protected":false},"author":1,"featured_media":0,"comment_status":"open","ping_status":"open","sticky":false,"template":"","format":"standard","meta":{"footnotes":""},"categories":[94],"tags":[95],"class_list":["post-568","post","type-post","status-publish","format-standard","hentry","category-enseignement","tag-sedation-analgesie-procedurale"],"_links":{"self":[{"href":"https:\/\/admsu.org\/w\/wp-json\/wp\/v2\/posts\/568","targetHints":{"allow":["GET"]}}],"collection":[{"href":"https:\/\/admsu.org\/w\/wp-json\/wp\/v2\/posts"}],"about":[{"href":"https:\/\/admsu.org\/w\/wp-json\/wp\/v2\/types\/post"}],"author":[{"embeddable":true,"href":"https:\/\/admsu.org\/w\/wp-json\/wp\/v2\/users\/1"}],"replies":[{"embeddable":true,"href":"https:\/\/admsu.org\/w\/wp-json\/wp\/v2\/comments?post=568"}],"version-history":[{"count":9,"href":"https:\/\/admsu.org\/w\/wp-json\/wp\/v2\/posts\/568\/revisions"}],"predecessor-version":[{"id":5948,"href":"https:\/\/admsu.org\/w\/wp-json\/wp\/v2\/posts\/568\/revisions\/5948"}],"wp:attachment":[{"href":"https:\/\/admsu.org\/w\/wp-json\/wp\/v2\/media?parent=568"}],"wp:term":[{"taxonomy":"category","embeddable":true,"href":"https:\/\/admsu.org\/w\/wp-json\/wp\/v2\/categories?post=568"},{"taxonomy":"post_tag","embeddable":true,"href":"https:\/\/admsu.org\/w\/wp-json\/wp\/v2\/tags?post=568"}],"curies":[{"name":"wp","href":"https:\/\/api.w.org\/{rel}","templated":true}]}}